
{"id":975,"date":"2026-06-12T05:28:20","date_gmt":"2026-06-12T05:28:20","guid":{"rendered":"https:\/\/destacado.com.mx\/?p=975"},"modified":"2026-06-12T05:28:20","modified_gmt":"2026-06-12T05:28:20","slug":"galindo-utiliza-a-su-polisia-para-inhibir-festejos-mientras-la-inseguridad-sigue-creciendo","status":"publish","type":"post","link":"https:\/\/destacado.com.mx\/index.php\/2026\/06\/12\/galindo-utiliza-a-su-polisia-para-inhibir-festejos-mientras-la-inseguridad-sigue-creciendo\/","title":{"rendered":"Galindo utiliza a su \u201cpolis\u00eda\u201d para inhibir festejos mientras la inseguridad sigue creciendo"},"content":{"rendered":"<p data-start=\"2078\" data-end=\"2177\">\n<p data-start=\"2179\" data-end=\"2361\">Las denuncias por la presencia de patrullas municipales en Morales generaron fuertes cuestionamientos sobre las prioridades de Enrique Galindo Ceballos y de su corporaci\u00f3n policiaca.<\/p>\n<p data-start=\"2363\" data-end=\"2600\">Ciudadanos se\u00f1alaron que resulta indignante que se destinen elementos para intentar frenar celebraciones ciudadanas mientras la capital contin\u00faa enfrentando homicidios, robos y hechos de violencia que mantienen preocupada a la poblaci\u00f3n.<\/p>\n<p data-start=\"2602\" data-end=\"2835\">La intervenci\u00f3n de la Polic\u00eda Municipal fue vista como un uso equivocado de los recursos p\u00fablicos, pues en lugar de concentrarse en combatir la delincuencia, termin\u00f3 involucrada en un conflicto generado por una celebraci\u00f3n deportiva.<\/p>\n<p data-start=\"2837\" data-end=\"3002\">La pol\u00e9mica vuelve a colocar a Galindo en el centro de las cr\u00edticas por el desempe\u00f1o de una administraci\u00f3n cada vez m\u00e1s cuestionada por sus decisiones y prioridades.<\/p>\n","protected":false},"excerpt":{"rendered":"<p>Las denuncias por la presencia de patrullas municipales en Morales generaron fuertes cuestionamientos sobre las prioridades de Enrique Galindo Ceballos y de su corporaci\u00f3n policiaca. Ciudadanos se\u00f1alaron que resulta indignante que se destinen elementos para intentar frenar celebraciones ciudadanas mientras la capital contin\u00faa enfrentando homicidios, robos y hechos de violencia que mantienen preocupada a la [&hellip;]<\/p>\n","protected":false},"author":4,"featured_media":969,"comment_status":"open","ping_status":"open","sticky":false,"template":"","format":"standard","meta":{"footnotes":""},"categories":[13],"tags":[],"class_list":["post-975","post","type-post","status-publish","format-standard","has-post-thumbnail","hentry","category-politica"],"_links":{"self":[{"href":"https:\/\/destacado.com.mx\/index.php\/wp-json\/wp\/v2\/posts\/975","targetHints":{"allow":["GET"]}}],"collection":[{"href":"https:\/\/destacado.com.mx\/index.php\/wp-json\/wp\/v2\/posts"}],"about":[{"href":"https:\/\/destacado.com.mx\/index.php\/wp-json\/wp\/v2\/types\/post"}],"author":[{"embeddable":true,"href":"https:\/\/destacado.com.mx\/index.php\/wp-json\/wp\/v2\/users\/4"}],"replies":[{"embeddable":true,"href":"https:\/\/destacado.com.mx\/index.php\/wp-json\/wp\/v2\/comments?post=975"}],"version-history":[{"count":1,"href":"https:\/\/destacado.com.mx\/index.php\/wp-json\/wp\/v2\/posts\/975\/revisions"}],"predecessor-version":[{"id":976,"href":"https:\/\/destacado.com.mx\/index.php\/wp-json\/wp\/v2\/posts\/975\/revisions\/976"}],"wp:featuredmedia":[{"embeddable":true,"href":"https:\/\/destacado.com.mx\/index.php\/wp-json\/wp\/v2\/media\/969"}],"wp:attachment":[{"href":"https:\/\/destacado.com.mx\/index.php\/wp-json\/wp\/v2\/media?parent=975"}],"wp:term":[{"taxonomy":"category","embeddable":true,"href":"https:\/\/destacado.com.mx\/index.php\/wp-json\/wp\/v2\/categories?post=975"},{"taxonomy":"post_tag","embeddable":true,"href":"https:\/\/destacado.com.mx\/index.php\/wp-json\/wp\/v2\/tags?post=975"}],"curies":[{"name":"wp","href":"https:\/\/api.w.org\/{rel}","templated":true}]}}