
{"id":977,"date":"2026-06-13T06:33:05","date_gmt":"2026-06-13T06:33:05","guid":{"rendered":"https:\/\/destacado.com.mx\/?p=977"},"modified":"2026-06-13T06:33:05","modified_gmt":"2026-06-13T06:33:05","slug":"enrique-galindo-enfrenta-senalamientos-por-presunta-censura-y-hostilidad-hacia-el-ejercicio-periodistico","status":"publish","type":"post","link":"https:\/\/destacado.com.mx\/index.php\/2026\/06\/13\/enrique-galindo-enfrenta-senalamientos-por-presunta-censura-y-hostilidad-hacia-el-ejercicio-periodistico\/","title":{"rendered":"Enrique Galindo enfrenta se\u00f1alamientos por presunta censura y hostilidad hacia el ejercicio period\u00edstico"},"content":{"rendered":"<h3 data-section-id=\"dhlefd\" data-start=\"2499\" data-end=\"2614\"><\/h3>\n<p data-start=\"2616\" data-end=\"2841\">El alcalde Enrique Galindo Ceballos fue acusado por el periodista Jos\u00e9 Juan \u201cPepe\u201d Alem\u00e1n de mantener pr\u00e1cticas que, seg\u00fan denuncia, vulneran la libertad de expresi\u00f3n y generan un ambiente adverso para el trabajo informativo.<\/p>\n<p data-start=\"2843\" data-end=\"3076\">En una carta abierta, el comunicador afirm\u00f3 haber sido objeto de presiones, restricciones y acciones que considera represalias derivadas de publicaciones period\u00edsticas que resultaban inc\u00f3modas para integrantes del gobierno municipal.<\/p>\n<p data-start=\"3078\" data-end=\"3320\">Las denuncias incluyen presuntos actos de intimidaci\u00f3n, limitaciones laborales y reclamos relacionados con contenidos difundidos en medios de comunicaci\u00f3n, situaciones que, de acuerdo con Alem\u00e1n, fueron reportadas ante organismos competentes.<\/p>\n<p data-start=\"3322\" data-end=\"3520\">El caso vuelve a colocar bajo escrutinio la actuaci\u00f3n de la administraci\u00f3n municipal en materia de respeto a la cr\u00edtica p\u00fablica y a la labor de periodistas que cuestionan decisiones gubernamentales.<\/p>\n","protected":false},"excerpt":{"rendered":"<p>El alcalde Enrique Galindo Ceballos fue acusado por el periodista Jos\u00e9 Juan \u201cPepe\u201d Alem\u00e1n de mantener pr\u00e1cticas que, seg\u00fan denuncia, vulneran la libertad de expresi\u00f3n y generan un ambiente adverso para el trabajo informativo. En una carta abierta, el comunicador afirm\u00f3 haber sido objeto de presiones, restricciones y acciones que considera represalias derivadas de publicaciones [&hellip;]<\/p>\n","protected":false},"author":4,"featured_media":978,"comment_status":"open","ping_status":"open","sticky":false,"template":"","format":"standard","meta":{"footnotes":""},"categories":[13],"tags":[],"class_list":["post-977","post","type-post","status-publish","format-standard","has-post-thumbnail","hentry","category-politica"],"_links":{"self":[{"href":"https:\/\/destacado.com.mx\/index.php\/wp-json\/wp\/v2\/posts\/977","targetHints":{"allow":["GET"]}}],"collection":[{"href":"https:\/\/destacado.com.mx\/index.php\/wp-json\/wp\/v2\/posts"}],"about":[{"href":"https:\/\/destacado.com.mx\/index.php\/wp-json\/wp\/v2\/types\/post"}],"author":[{"embeddable":true,"href":"https:\/\/destacado.com.mx\/index.php\/wp-json\/wp\/v2\/users\/4"}],"replies":[{"embeddable":true,"href":"https:\/\/destacado.com.mx\/index.php\/wp-json\/wp\/v2\/comments?post=977"}],"version-history":[{"count":1,"href":"https:\/\/destacado.com.mx\/index.php\/wp-json\/wp\/v2\/posts\/977\/revisions"}],"predecessor-version":[{"id":981,"href":"https:\/\/destacado.com.mx\/index.php\/wp-json\/wp\/v2\/posts\/977\/revisions\/981"}],"wp:featuredmedia":[{"embeddable":true,"href":"https:\/\/destacado.com.mx\/index.php\/wp-json\/wp\/v2\/media\/978"}],"wp:attachment":[{"href":"https:\/\/destacado.com.mx\/index.php\/wp-json\/wp\/v2\/media?parent=977"}],"wp:term":[{"taxonomy":"category","embeddable":true,"href":"https:\/\/destacado.com.mx\/index.php\/wp-json\/wp\/v2\/categories?post=977"},{"taxonomy":"post_tag","embeddable":true,"href":"https:\/\/destacado.com.mx\/index.php\/wp-json\/wp\/v2\/tags?post=977"}],"curies":[{"name":"wp","href":"https:\/\/api.w.org\/{rel}","templated":true}]}}